{"id":931,"date":"2025-01-27T14:35:20","date_gmt":"2025-01-27T14:35:20","guid":{"rendered":"https:\/\/charifundwp.wowtheme7.com\/?p=931"},"modified":"2025-10-29T12:40:14","modified_gmt":"2025-10-29T12:40:14","slug":"plus-quun-evenement-un-heritage-de-15-ans-deloges-unifies","status":"publish","type":"post","link":"https:\/\/liftedconcert.org\/fr\/plus-quun-evenement-un-heritage-de-15-ans-deloges-unifies\/","title":{"rendered":"LIFTED : plus qu'un \u00e9v\u00e9nement, un h\u00e9ritage de 15 ans de louanges unifi\u00e9es"},"content":{"rendered":"<div data-elementor-type=\"wp-post\" data-elementor-id=\"931\" class=\"elementor elementor-931\" data-elementor-post-type=\"post\">\n\t\t\t\t<div class=\"elementor-element elementor-element-4e8a4139 e-flex e-con-boxed e-con e-parent\" data-id=\"4e8a4139\" data-element_type=\"container\">\n\t\t\t\t\t<div class=\"e-con-inner\">\n\t\t\t\t<div class=\"elementor-element elementor-element-497ec169 elementor-widget elementor-widget-text-editor\" data-id=\"497ec169\" data-element_type=\"widget\" data-widget_type=\"text-editor.default\">\n\t\t\t\t\t\t\t\t\t<section class=\"blog-main cm-details p-0\"><div class=\"cm-details__content\"><div class=\"cta cm-group\"><h3 class=\"title-animation\"><strong>LIFTED : plus qu'un \u00e9v\u00e9nement, un h\u00e9ritage de 15 ans de louanges unifi\u00e9es<\/strong><\/h3><p class=\"ds-markdown-paragraph\">Depuis quinze ann\u00e9es remarquables, la ville a trouv\u00e9 sa voix collective dans un \u00e9v\u00e9nement unique et puissant : le concert de musique gospel \u00ab LIFTED \u00bb. N\u00e9 d'une vision d'inspiration divine et organis\u00e9 par le pasteur Iton O'Mang du Housetop Worship Centre, \u00ab LIFTED \u00bb est pass\u00e9 d'un humble rassemblement \u00e0 une c\u00e9l\u00e9bration monumentale et transfrontali\u00e8re de la foi, r\u00e9unissant des milliers de personnes dans une louange sans entraves \u00e0 Dieu, ind\u00e9pendamment de leur tribu, de leur confession, de leur croyance ou de leur langue.<\/p><p class=\"ds-markdown-paragraph\">\u00a0<\/p><\/div><div class=\"cta cm-group\"><div class=\"blockquote-wrapper\"><blockquote><p>\"Assister \u00e0 mon premier concert Lifted Worship a \u00e9t\u00e9 l'une des meilleures exp\u00e9riences que j'ai jamais v\u00e9cues ! L'\u00e9nergie dans la salle \u00e9tait incroyable, les jeunes ont \u00e9t\u00e9 captiv\u00e9s d\u00e8s le premier morceau et sont rest\u00e9s attentifs tout au long du concert. J'ai senti la pr\u00e9sence de Dieu et son amour pour les gens.\"<\/p><\/blockquote><p><span class=\"quote-owner\">Ministre Kofi<\/span><\/p><\/div><\/div><div class=\"cta cm-group\"><h4><strong>D'une vision \u00e0 un monument embl\u00e9matique<\/strong><\/h4><p class=\"ds-markdown-paragraph\">Ce qui a commenc\u00e9 le dimanche 25 septembre 2011 a pris une ampleur et un \u00e9lan exponentiels. Aujourd'hui, pour sa 15e \u00e9dition, \u00ab LIFTED \u00bb s'est impos\u00e9 comme la destination pr\u00e9f\u00e9r\u00e9e des fid\u00e8les de la musique gospel au B\u00e9nin et dans d'autres pays pour terminer l'ann\u00e9e en beaut\u00e9. C'est devenu plus qu'une date sur le calendrier, c'est un p\u00e8lerinage spirituel tr\u00e8s attendu.<\/p><p class=\"ds-markdown-paragraph\">La mission du concert est rest\u00e9e inchang\u00e9e : offrir une atmosph\u00e8re id\u00e9ale pour que des milliers de personnes se rassemblent dans l'harmonie, afin de louer et d'adorer Dieu d'une seule voix et sans limites. Cette vision puissante a trouv\u00e9 un large \u00e9cho, attirant en moyenne au moins 2 000 participants chaque ann\u00e9e, chr\u00e9tiens et non-chr\u00e9tiens confondus, tous s\u00e9duits par l'esprit palpable d'unit\u00e9 et de joie.<\/p><h4><strong>Une sc\u00e8ne pour le meilleur de la musique gospel<\/strong><\/h4><p class=\"ds-markdown-paragraph\">La musique est au c\u0153ur de \u00ab LIFTED \u00bb, et le concert a toujours mis \u00e0 l'honneur certains des meilleurs et des plus c\u00e9l\u00e8bres ministres du gospel de cette g\u00e9n\u00e9ration. La sc\u00e8ne a \u00e9t\u00e9 honor\u00e9e par la pr\u00e9sence d'une pl\u00e9iade d'artistes exceptionnels, dont des voix puissantes telles que\u00a0<strong>Sunmisola Agbebi, Tim Fred, Grace Idowu, UC Best, E\u2019Davids, Pelumi Deborah, Nathan Daoudou et Baba K<\/strong>, parmi tant d'autres. Cet engagement envers un art exceptionnel garantit que chaque \u00e9dition est une exp\u00e9rience sonore unique et puissante, qui glorifie le nom de J\u00e9sus \u00e0 travers le chant et la c\u00e9l\u00e9bration.<\/p><h4><strong>Un rassemblement d'influence<\/strong><\/h4><p class=\"ds-markdown-paragraph\">L'impact de 'LIFTED' d\u00e9passe le cadre musical. L'\u00e9v\u00e9nement est devenu un p\u00f4le culturel et spirituel important, attirant des personnalit\u00e9s de divers secteurs qui viennent d\u00e9couvrir son atmosph\u00e8re unique. Leur pr\u00e9sence souligne l'influence consid\u00e9rable du concert et son r\u00f4le en tant que force unificatrice au sein de la communaut\u00e9 et de la nation dans son ensemble.<\/p><h4><strong>Une expression de foi<\/strong><\/h4><p class=\"ds-markdown-paragraph\">Au fond, 'LIFTED' n'est pas seulement un \u00e9v\u00e9nement, c'est une expression. C'est l'expression d'une vision qui a os\u00e9 croire que le culte pouvait transcender toutes les divisions cr\u00e9\u00e9es par l'homme. C'est l'expression de la foi d'une communaut\u00e9, rendue audible par une seule voix puissante. C'est l'expression de la joie, de l'espoir et de la lib\u00e9ration qui r\u00e9sonne longtemps apr\u00e8s que la derni\u00e8re note se soit \u00e9teinte.<\/p><p class=\"ds-markdown-paragraph\">Alors que \u00ab LIFTED \u00bb revient sur 15 ann\u00e9es de fid\u00e9lit\u00e9 de Dieu et se tourne vers l'avenir, son objectif reste clair : continuer \u00e0 offrir une plateforme o\u00f9 chaque c\u0153ur peut s'\u00e9lever, chaque main peut se lever et chaque voix peut s'unir dans une glorieuse symphonie de louanges.<\/p><\/div><\/div><\/section>\t\t\t\t\t\t\t\t<\/div>\n\t\t\t\t\t<\/div>\n\t\t\t\t<\/div>\n\t\t\t\t<\/div>","protected":false},"excerpt":{"rendered":"<p>LIFTED: More Than an Event, A 15-Year Legacy of Unified Praise For fifteen remarkable years, the city has found its collective voice in a single, powerful event: the \u2018LIFTED\u2019 Gospel Music Concert. Birthed from a divinely inspired vision and convened by Pastor Iton O&#8217;Mang of Housetop Worship Centre, \u2018LIFTED\u2019 has grown from a humble gathering<\/p>","protected":false},"author":1,"featured_media":7515,"comment_status":"open","ping_status":"open","sticky":false,"template":"","format":"image","meta":{"inline_featured_image":false,"footnotes":""},"categories":[19,16,41],"tags":[49],"class_list":["post-931","post","type-post","status-publish","format-image","has-post-thumbnail","hentry","category-gallery-2025-lifted2025","category-2025-lifted","category-news","tag-lifteds-legacy","post_format-post-format-image"],"yoast_head":"<!-- This site is optimized with the Yoast SEO Premium plugin v26.1 (Yoast SEO v26.3) - https:\/\/yoast.com\/wordpress\/plugins\/seo\/ -->\n<title>LIFTED: More Than an Event, A 15-Year Legacy of Unified Praise - The Lifted Concert 2025<\/title>\n<meta name=\"robots\" content=\"index, follow, max-snippet:-1, max-image-preview:large, max-video-preview:-1\" \/>\n<link rel=\"canonical\" href=\"https:\/\/liftedconcert.org\/fr\/plus-quun-evenement-un-heritage-de-15-ans-deloges-unifies\/\" \/>\n<meta property=\"og:locale\" content=\"fr_FR\" \/>\n<meta property=\"og:type\" content=\"article\" \/>\n<meta property=\"og:title\" content=\"LIFTED: More Than an Event, A 15-Year Legacy of Unified Praise\" \/>\n<meta property=\"og:description\" content=\"LIFTED: More Than an Event, A 15-Year Legacy of Unified Praise For fifteen remarkable years, the city has found its collective voice in a single, powerful event: the \u2018LIFTED\u2019 Gospel Music Concert. Birthed from a divinely inspired vision and convened by Pastor Iton O&#8217;Mang of Housetop Worship Centre, \u2018LIFTED\u2019 has grown from a humble gathering\" \/>\n<meta property=\"og:url\" content=\"https:\/\/liftedconcert.org\/fr\/plus-quun-evenement-un-heritage-de-15-ans-deloges-unifies\/\" \/>\n<meta property=\"og:site_name\" content=\"The Lifted Concert 2025\" \/>\n<meta property=\"article:published_time\" content=\"2025-01-27T14:35:20+00:00\" \/>\n<meta property=\"article:modified_time\" content=\"2025-10-29T12:40:14+00:00\" \/>\n<meta property=\"og:image\" content=\"https:\/\/liftedconcert.org\/wp-content\/uploads\/2025\/10\/7-2.png\" \/>\n\t<meta property=\"og:image:width\" content=\"1920\" \/>\n\t<meta property=\"og:image:height\" content=\"840\" \/>\n\t<meta property=\"og:image:type\" content=\"image\/png\" \/>\n<meta name=\"author\" content=\"adminlifted\" \/>\n<meta name=\"twitter:card\" content=\"summary_large_image\" \/>\n<meta name=\"twitter:label1\" content=\"\u00c9crit par\" \/>\n\t<meta name=\"twitter:data1\" content=\"adminlifted\" \/>\n\t<meta name=\"twitter:label2\" content=\"Dur\u00e9e de lecture estim\u00e9e\" \/>\n\t<meta name=\"twitter:data2\" content=\"3 minutes\" \/>\n<script type=\"application\/ld+json\" class=\"yoast-schema-graph\">{\"@context\":\"https:\/\/schema.org\",\"@graph\":[{\"@type\":\"WebPage\",\"@id\":\"https:\/\/liftedconcert.org\/fr\/plus-quun-evenement-un-heritage-de-15-ans-deloges-unifies\/\",\"url\":\"https:\/\/liftedconcert.org\/fr\/plus-quun-evenement-un-heritage-de-15-ans-deloges-unifies\/\",\"name\":\"LIFTED: More Than an Event, A 15-Year Legacy of Unified Praise - The Lifted Concert 2025\",\"isPartOf\":{\"@id\":\"https:\/\/liftedconcert.org\/fr\/#website\"},\"primaryImageOfPage\":{\"@id\":\"https:\/\/liftedconcert.org\/fr\/plus-quun-evenement-un-heritage-de-15-ans-deloges-unifies\/#primaryimage\"},\"image\":{\"@id\":\"https:\/\/liftedconcert.org\/fr\/plus-quun-evenement-un-heritage-de-15-ans-deloges-unifies\/#primaryimage\"},\"thumbnailUrl\":\"https:\/\/liftedconcert.org\/wp-content\/uploads\/2025\/10\/7-2.png\",\"datePublished\":\"2025-01-27T14:35:20+00:00\",\"dateModified\":\"2025-10-29T12:40:14+00:00\",\"author\":{\"@id\":\"https:\/\/liftedconcert.org\/fr\/#\/schema\/person\/da5e7f4fb32776fc70280c0493d13fd5\"},\"breadcrumb\":{\"@id\":\"https:\/\/liftedconcert.org\/fr\/plus-quun-evenement-un-heritage-de-15-ans-deloges-unifies\/#breadcrumb\"},\"inLanguage\":\"fr-FR\",\"potentialAction\":[{\"@type\":\"ReadAction\",\"target\":[\"https:\/\/liftedconcert.org\/fr\/plus-quun-evenement-un-heritage-de-15-ans-deloges-unifies\/\"]}]},{\"@type\":\"ImageObject\",\"inLanguage\":\"fr-FR\",\"@id\":\"https:\/\/liftedconcert.org\/fr\/plus-quun-evenement-un-heritage-de-15-ans-deloges-unifies\/#primaryimage\",\"url\":\"https:\/\/liftedconcert.org\/wp-content\/uploads\/2025\/10\/7-2.png\",\"contentUrl\":\"https:\/\/liftedconcert.org\/wp-content\/uploads\/2025\/10\/7-2.png\",\"width\":1920,\"height\":840},{\"@type\":\"BreadcrumbList\",\"@id\":\"https:\/\/liftedconcert.org\/fr\/plus-quun-evenement-un-heritage-de-15-ans-deloges-unifies\/#breadcrumb\",\"itemListElement\":[{\"@type\":\"ListItem\",\"position\":1,\"name\":\"Home\",\"item\":\"https:\/\/liftedconcert.org\/fr\/\"},{\"@type\":\"ListItem\",\"position\":2,\"name\":\"LIFTED: More Than an Event, A 15-Year Legacy of Unified Praise\"}]},{\"@type\":\"WebSite\",\"@id\":\"https:\/\/liftedconcert.org\/fr\/#website\",\"url\":\"https:\/\/liftedconcert.org\/fr\/\",\"name\":\"The Lifted Concert 2025\",\"description\":\"IT&#039;S NOT JUST AN EVENT, IT&#039;S AN EXPRESSION\",\"potentialAction\":[{\"@type\":\"SearchAction\",\"target\":{\"@type\":\"EntryPoint\",\"urlTemplate\":\"https:\/\/liftedconcert.org\/fr\/?s={search_term_string}\"},\"query-input\":{\"@type\":\"PropertyValueSpecification\",\"valueRequired\":true,\"valueName\":\"search_term_string\"}}],\"inLanguage\":\"fr-FR\"},{\"@type\":\"Person\",\"@id\":\"https:\/\/liftedconcert.org\/fr\/#\/schema\/person\/da5e7f4fb32776fc70280c0493d13fd5\",\"name\":\"adminlifted\",\"image\":{\"@type\":\"ImageObject\",\"inLanguage\":\"fr-FR\",\"@id\":\"https:\/\/liftedconcert.org\/fr\/#\/schema\/person\/image\/\",\"url\":\"https:\/\/secure.gravatar.com\/avatar\/88d2f60ef9c3a817ec5d82b4903ebc3c652f0fab233003746d1b83dbfdee65a7?s=96&d=mm&r=g\",\"contentUrl\":\"https:\/\/secure.gravatar.com\/avatar\/88d2f60ef9c3a817ec5d82b4903ebc3c652f0fab233003746d1b83dbfdee65a7?s=96&d=mm&r=g\",\"caption\":\"adminlifted\"},\"sameAs\":[\"http:\/\/liftedconcert.org\"],\"url\":\"https:\/\/liftedconcert.org\/fr\/author\/adminlifted\/\"}]}<\/script>\n<!-- \/ Yoast SEO Premium plugin. -->","yoast_head_json":{"title":"LIFTED : Plus qu'un \u00e9v\u00e9nement, un h\u00e9ritage de 15 ans de louanges unifi\u00e9es - Le concert Lifted 2025","robots":{"index":"index","follow":"follow","max-snippet":"max-snippet:-1","max-image-preview":"max-image-preview:large","max-video-preview":"max-video-preview:-1"},"canonical":"https:\/\/liftedconcert.org\/fr\/plus-quun-evenement-un-heritage-de-15-ans-deloges-unifies\/","og_locale":"fr_FR","og_type":"article","og_title":"LIFTED: More Than an Event, A 15-Year Legacy of Unified Praise","og_description":"LIFTED: More Than an Event, A 15-Year Legacy of Unified Praise For fifteen remarkable years, the city has found its collective voice in a single, powerful event: the \u2018LIFTED\u2019 Gospel Music Concert. Birthed from a divinely inspired vision and convened by Pastor Iton O&#8217;Mang of Housetop Worship Centre, \u2018LIFTED\u2019 has grown from a humble gathering","og_url":"https:\/\/liftedconcert.org\/fr\/plus-quun-evenement-un-heritage-de-15-ans-deloges-unifies\/","og_site_name":"The Lifted Concert 2025","article_published_time":"2025-01-27T14:35:20+00:00","article_modified_time":"2025-10-29T12:40:14+00:00","og_image":[{"width":1920,"height":840,"url":"https:\/\/liftedconcert.org\/wp-content\/uploads\/2025\/10\/7-2.png","type":"image\/png"}],"author":"adminlifted","twitter_card":"summary_large_image","twitter_misc":{"\u00c9crit par":"adminlifted","Dur\u00e9e de lecture estim\u00e9e":"3 minutes"},"schema":{"@context":"https:\/\/schema.org","@graph":[{"@type":"WebPage","@id":"https:\/\/liftedconcert.org\/fr\/plus-quun-evenement-un-heritage-de-15-ans-deloges-unifies\/","url":"https:\/\/liftedconcert.org\/fr\/plus-quun-evenement-un-heritage-de-15-ans-deloges-unifies\/","name":"LIFTED : Plus qu'un \u00e9v\u00e9nement, un h\u00e9ritage de 15 ans de louanges unifi\u00e9es - Le concert Lifted 2025","isPartOf":{"@id":"https:\/\/liftedconcert.org\/fr\/#website"},"primaryImageOfPage":{"@id":"https:\/\/liftedconcert.org\/fr\/plus-quun-evenement-un-heritage-de-15-ans-deloges-unifies\/#primaryimage"},"image":{"@id":"https:\/\/liftedconcert.org\/fr\/plus-quun-evenement-un-heritage-de-15-ans-deloges-unifies\/#primaryimage"},"thumbnailUrl":"https:\/\/liftedconcert.org\/wp-content\/uploads\/2025\/10\/7-2.png","datePublished":"2025-01-27T14:35:20+00:00","dateModified":"2025-10-29T12:40:14+00:00","author":{"@id":"https:\/\/liftedconcert.org\/fr\/#\/schema\/person\/da5e7f4fb32776fc70280c0493d13fd5"},"breadcrumb":{"@id":"https:\/\/liftedconcert.org\/fr\/plus-quun-evenement-un-heritage-de-15-ans-deloges-unifies\/#breadcrumb"},"inLanguage":"fr-FR","potentialAction":[{"@type":"ReadAction","target":["https:\/\/liftedconcert.org\/fr\/plus-quun-evenement-un-heritage-de-15-ans-deloges-unifies\/"]}]},{"@type":"ImageObject","inLanguage":"fr-FR","@id":"https:\/\/liftedconcert.org\/fr\/plus-quun-evenement-un-heritage-de-15-ans-deloges-unifies\/#primaryimage","url":"https:\/\/liftedconcert.org\/wp-content\/uploads\/2025\/10\/7-2.png","contentUrl":"https:\/\/liftedconcert.org\/wp-content\/uploads\/2025\/10\/7-2.png","width":1920,"height":840},{"@type":"BreadcrumbList","@id":"https:\/\/liftedconcert.org\/fr\/plus-quun-evenement-un-heritage-de-15-ans-deloges-unifies\/#breadcrumb","itemListElement":[{"@type":"ListItem","position":1,"name":"Home","item":"https:\/\/liftedconcert.org\/fr\/"},{"@type":"ListItem","position":2,"name":"LIFTED: More Than an Event, A 15-Year Legacy of Unified Praise"}]},{"@type":"WebSite","@id":"https:\/\/liftedconcert.org\/fr\/#website","url":"https:\/\/liftedconcert.org\/fr\/","name":"Le concert Lifted 2025","description":"CE N'EST PAS SEULEMENT UN \u00c9V\u00c9NEMENT, C'EST UNE FORME D'EXPRESSION","potentialAction":[{"@type":"SearchAction","target":{"@type":"EntryPoint","urlTemplate":"https:\/\/liftedconcert.org\/fr\/?s={search_term_string}"},"query-input":{"@type":"PropertyValueSpecification","valueRequired":true,"valueName":"search_term_string"}}],"inLanguage":"fr-FR"},{"@type":"Person","@id":"https:\/\/liftedconcert.org\/fr\/#\/schema\/person\/da5e7f4fb32776fc70280c0493d13fd5","name":"adminlifted","image":{"@type":"ImageObject","inLanguage":"fr-FR","@id":"https:\/\/liftedconcert.org\/fr\/#\/schema\/person\/image\/","url":"https:\/\/secure.gravatar.com\/avatar\/88d2f60ef9c3a817ec5d82b4903ebc3c652f0fab233003746d1b83dbfdee65a7?s=96&d=mm&r=g","contentUrl":"https:\/\/secure.gravatar.com\/avatar\/88d2f60ef9c3a817ec5d82b4903ebc3c652f0fab233003746d1b83dbfdee65a7?s=96&d=mm&r=g","caption":"adminlifted"},"sameAs":["http:\/\/liftedconcert.org"],"url":"https:\/\/liftedconcert.org\/fr\/author\/adminlifted\/"}]}},"_links":{"self":[{"href":"https:\/\/liftedconcert.org\/fr\/wp-json\/wp\/v2\/posts\/931","targetHints":{"allow":["GET"]}}],"collection":[{"href":"https:\/\/liftedconcert.org\/fr\/wp-json\/wp\/v2\/posts"}],"about":[{"href":"https:\/\/liftedconcert.org\/fr\/wp-json\/wp\/v2\/types\/post"}],"author":[{"embeddable":true,"href":"https:\/\/liftedconcert.org\/fr\/wp-json\/wp\/v2\/users\/1"}],"replies":[{"embeddable":true,"href":"https:\/\/liftedconcert.org\/fr\/wp-json\/wp\/v2\/comments?post=931"}],"version-history":[{"count":18,"href":"https:\/\/liftedconcert.org\/fr\/wp-json\/wp\/v2\/posts\/931\/revisions"}],"predecessor-version":[{"id":7643,"href":"https:\/\/liftedconcert.org\/fr\/wp-json\/wp\/v2\/posts\/931\/revisions\/7643"}],"wp:featuredmedia":[{"embeddable":true,"href":"https:\/\/liftedconcert.org\/fr\/wp-json\/wp\/v2\/media\/7515"}],"wp:attachment":[{"href":"https:\/\/liftedconcert.org\/fr\/wp-json\/wp\/v2\/media?parent=931"}],"wp:term":[{"taxonomy":"category","embeddable":true,"href":"https:\/\/liftedconcert.org\/fr\/wp-json\/wp\/v2\/categories?post=931"},{"taxonomy":"post_tag","embeddable":true,"href":"https:\/\/liftedconcert.org\/fr\/wp-json\/wp\/v2\/tags?post=931"}],"curies":[{"name":"wp","href":"https:\/\/api.w.org\/{rel}","templated":true}]}}