{"id":930,"date":"2025-01-27T14:34:57","date_gmt":"2025-01-27T14:34:57","guid":{"rendered":"https:\/\/charifundwp.wowtheme7.com\/?p=930"},"modified":"2025-10-29T12:40:33","modified_gmt":"2025-10-29T12:40:33","slug":"lifted-2025-vous-invite-a-une-celebration-gospel-historique","status":"publish","type":"post","link":"https:\/\/liftedconcert.org\/fr\/lifted-2025-vous-invite-a-une-celebration-gospel-historique\/","title":{"rendered":"Lifted 2025 vous invite \u00e0 une c\u00e9l\u00e9bration gospel historique"},"content":{"rendered":"<div data-elementor-type=\"wp-post\" data-elementor-id=\"930\" class=\"elementor elementor-930\" data-elementor-post-type=\"post\">\n\t\t\t\t<div class=\"elementor-element elementor-element-6ad037b9 e-flex e-con-boxed e-con e-parent\" data-id=\"6ad037b9\" data-element_type=\"container\">\n\t\t\t\t\t<div class=\"e-con-inner\">\n\t\t\t\t<div class=\"elementor-element elementor-element-48a1e06b elementor-widget elementor-widget-text-editor\" data-id=\"48a1e06b\" data-element_type=\"widget\" data-widget_type=\"text-editor.default\">\n\t\t\t\t\t\t\t\t\t<div id=\"root\"><div class=\"ds-theme\"><div class=\"cb86951c\"><div class=\"c3ecdb44\"><div class=\"_7780f2e\"><div class=\"_765a5cd\"><div class=\"_3919b83\"><div class=\"_8f60047\"><div class=\"_0f72b0b ds-scroll-area\"><div class=\"dad65929\"><div class=\"_4f9bf79 d7dc56a8 _43c05b5\"><div class=\"ds-message _63c77b1\"><div class=\"ds-markdown\"><h3><strong>Vivez l'exp\u00e9rience : Lifted 2025 vous invite \u00e0 une c\u00e9l\u00e9bration gospel historique<\/strong><\/h3><p class=\"ds-markdown-paragraph\"><br \/>Notez bien la date dans vos agendas pour une rencontre divine ! Le c\u00e9l\u00e8bre Lifted Gospel Concert revient pour sa 15e \u00e9dition historique, et vous \u00eates invit\u00e9s \u00e0 participer \u00e0 cette exp\u00e9rience intense. Pr\u00e9parez-vous \u00e0 \u00eatre transport\u00e9s par\u00a0<strong>Dimanche 9 novembre 2025<\/strong>, au\u00a0<strong>Chapelle Winners, salle Kpondehou<\/strong>.<\/p><p class=\"ds-markdown-paragraph\"><strong>Un h\u00e9ritage de croissance et d'influence<\/strong><\/p><p class=\"ds-markdown-paragraph\">Le concert Lifted, qui en est maintenant \u00e0 sa 15e \u00e9dition, a parcouru un long chemin depuis ses d\u00e9buts le dimanche 25 septembre 2011. Il a connu une croissance exponentielle et a pris de l'ampleur sur tous les fronts, passant d'un simple rassemblement \u00e0 un \u00e9v\u00e9nement annuel tr\u00e8s attendu par les fid\u00e8les de la musique gospel. Cette croissance t\u00e9moigne de la puissance de sa mission et des exp\u00e9riences qui changent la vie qu'il offre chaque ann\u00e9e.<\/p><p class=\"ds-markdown-paragraph\"><strong>Plus que de la musique, c'est une forme d'expression<\/strong><\/p><p class=\"ds-markdown-paragraph\">Lifted n'est pas seulement un \u00e9v\u00e9nement, c'est une expression. C'est l'expression collective de la foi, de la joie et de la louange unifi\u00e9e qui transcende toutes les fronti\u00e8res. C'est une atmosph\u00e8re o\u00f9 des milliers de personnes se rassemblent dans l'harmonie, \u00e9levant d'une seule voix leur louange \u00e0 Dieu sans limites.<\/p><p class=\"ds-markdown-paragraph\"><strong>Une sc\u00e8ne embellie par l'excellence gospel<\/strong><\/p><p class=\"ds-markdown-paragraph\">Le c\u0153ur battant de Lifted, c'est sa musique sacr\u00e9e, interpr\u00e9t\u00e9e par certains des meilleurs ministres de la musique gospel de cette g\u00e9n\u00e9ration. Le concert a une longue histoire d'accueil de talents incroyables, avec des \u00e9ditions pr\u00e9c\u00e9dentes honor\u00e9es par la pr\u00e9sence d'artistes puissants tels que :<\/p><ul><li><p class=\"ds-markdown-paragraph\">Sunmisola Agbebi<\/p><\/li><li><p class=\"ds-markdown-paragraph\">Yinka Okeleye<\/p><\/li><li><p class=\"ds-markdown-paragraph\">Tim Fred<\/p><\/li><li><p class=\"ds-markdown-paragraph\">Grace Idowu<\/p><\/li><li><p class=\"ds-markdown-paragraph\">Nathan Daoudou<\/p><\/li><li><p class=\"ds-markdown-paragraph\">UC Best<\/p><\/li><li><p class=\"ds-markdown-paragraph\">Ifeanyi Ewin<\/p><\/li><li><p class=\"ds-markdown-paragraph\">Abbey Ojomu<\/p><\/li><li><p class=\"ds-markdown-paragraph\">Naomi Classic<\/p><\/li><li><p class=\"ds-markdown-paragraph\">E\u2019Davids<\/p><\/li><li><p class=\"ds-markdown-paragraph\">Benit Akuesson<\/p><\/li><li><p class=\"ds-markdown-paragraph\">Carina Sen<\/p><\/li><li><p class=\"ds-markdown-paragraph\">Pelumi Deborah<\/p><\/li><li><p class=\"ds-markdown-paragraph\">Josias Folly<\/p><\/li><li><p class=\"ds-markdown-paragraph\">Sunday Avla<\/p><\/li><li><p class=\"ds-markdown-paragraph\">Arnaud Migan<\/p><\/li><li><p class=\"ds-markdown-paragraph\">Sandra Heriti<\/p><\/li><li><p class=\"ds-markdown-paragraph\">Sem Dossou<\/p><\/li><li><p class=\"ds-markdown-paragraph\">Debby Davis<\/p><\/li><li><p class=\"ds-markdown-paragraph\">Ruth Tonu<\/p><\/li><li><p class=\"ds-markdown-paragraph\">Apollinaire Soglo<\/p><\/li><li><p class=\"ds-markdown-paragraph\">Simon Maro<\/p><\/li><li><p class=\"ds-markdown-paragraph\">Baba K<\/p><\/li><li><p class=\"ds-markdown-paragraph\">Lewis B<\/p><\/li><li><p class=\"ds-markdown-paragraph\">Just Roland<\/p><\/li><\/ul><p class=\"ds-markdown-paragraph\">Cet h\u00e9ritage d'excellence artistique promet que l'\u00e9dition 2025 ne fera pas exception, avec une programmation qui vous touchera au plus profond de votre \u00e2me et vous remontera le moral.<\/p><p class=\"ds-markdown-paragraph\"><strong>Votre invitation \u00e0 Lifted 2025<\/strong><\/p><p class=\"ds-markdown-paragraph\">Ne manquez pas cette occasion de participer \u00e0 une c\u00e9l\u00e9bration transformatrice. Inscrivez-vous d\u00e8s maintenant pour vivre une exp\u00e9rience extraordinaire \u00e0\u00a0<strong>Lifted 2025<\/strong>.<\/p><p class=\"ds-markdown-paragraph\"><strong>\u00c9v\u00e9nement :<\/strong>\u00a0Concert Lifted Gospel 2025<br \/><strong>Date :<\/strong>\u00a0Dimanche 9 novembre 2025<br \/><strong>Venue:<\/strong>\u00a0Chapelle Winners, salle Kpondehou<\/p><p class=\"ds-markdown-paragraph\">Venez rejoindre une communaut\u00e9 unie dans la louange. Venez d\u00e9couvrir pourquoi Lifted n'est pas seulement un \u00e9v\u00e9nement, mais une expression de foi que vous n'oublierez jamais.<\/p><\/div><\/div><\/div><\/div><\/div><\/div><\/div><\/div><\/div><\/div><\/div><\/div><\/div>\t\t\t\t\t\t\t\t<\/div>\n\t\t\t\t\t<\/div>\n\t\t\t\t<\/div>\n\t\t\t\t<\/div>","protected":false},"excerpt":{"rendered":"<p>Vivez l'exp\u00e9rience : Lifted 2025 vous invite \u00e0 une c\u00e9l\u00e9bration gospel historique Notez la date dans vos agendas pour une rencontre divine ! Le c\u00e9l\u00e8bre concert gospel Lifted revient pour sa 15e \u00e9dition historique, et vous \u00eates invit\u00e9s \u00e0 participer \u00e0 cette exp\u00e9rience intense. Pr\u00e9parez-vous \u00e0 \u00eatre transport\u00e9s le dimanche 9 novembre 2025 \u00e0 la Winners Chapel, Kpondehou Hall. A<\/p>","protected":false},"author":1,"featured_media":7646,"comment_status":"open","ping_status":"open","sticky":false,"template":"","format":"image","meta":{"inline_featured_image":false,"footnotes":""},"categories":[16,41],"tags":[50],"class_list":["post-930","post","type-post","status-publish","format-image","has-post-thumbnail","hentry","category-2025-lifted","category-news","tag-lifted-2025","post_format-post-format-image"],"yoast_head":"<!-- This site is optimized with the Yoast SEO Premium plugin v26.1 (Yoast SEO v26.3) - https:\/\/yoast.com\/wordpress\/plugins\/seo\/ -->\n<title>Lifted 2025 Invites You to a Landmark Gospel Celebration - The Lifted Concert 2025<\/title>\n<meta name=\"robots\" content=\"index, follow, max-snippet:-1, max-image-preview:large, max-video-preview:-1\" \/>\n<link rel=\"canonical\" href=\"https:\/\/liftedconcert.org\/fr\/lifted-2025-vous-invite-a-une-celebration-gospel-historique\/\" \/>\n<meta property=\"og:locale\" content=\"fr_FR\" \/>\n<meta property=\"og:type\" content=\"article\" \/>\n<meta property=\"og:title\" content=\"Lifted 2025 Invites You to a Landmark Gospel Celebration\" \/>\n<meta property=\"og:description\" content=\"Experience the Expression: Lifted 2025 Invites You to a Landmark Gospel Celebration Mark your calendars for a divine encounter! The acclaimed Lifted Gospel Concert returns for its landmark 15th edition, and you are invited to be part of this powerful experience. Prepare to be uplifted on\u00a0Sunday, November 9th, 2025, at the\u00a0Winners Chapel, Kpondehou Hall. A\" \/>\n<meta property=\"og:url\" content=\"https:\/\/liftedconcert.org\/fr\/lifted-2025-vous-invite-a-une-celebration-gospel-historique\/\" \/>\n<meta property=\"og:site_name\" content=\"The Lifted Concert 2025\" \/>\n<meta property=\"article:published_time\" content=\"2025-01-27T14:34:57+00:00\" \/>\n<meta property=\"article:modified_time\" content=\"2025-10-29T12:40:33+00:00\" \/>\n<meta property=\"og:image\" content=\"https:\/\/liftedconcert.org\/wp-content\/uploads\/2025\/01\/14.png\" \/>\n\t<meta property=\"og:image:width\" content=\"1920\" \/>\n\t<meta property=\"og:image:height\" content=\"840\" \/>\n\t<meta property=\"og:image:type\" content=\"image\/png\" \/>\n<meta name=\"author\" content=\"adminlifted\" \/>\n<meta name=\"twitter:card\" content=\"summary_large_image\" \/>\n<meta name=\"twitter:label1\" content=\"\u00c9crit par\" \/>\n\t<meta name=\"twitter:data1\" content=\"adminlifted\" \/>\n\t<meta name=\"twitter:label2\" content=\"Dur\u00e9e de lecture estim\u00e9e\" \/>\n\t<meta name=\"twitter:data2\" content=\"2 minutes\" \/>\n<script type=\"application\/ld+json\" class=\"yoast-schema-graph\">{\"@context\":\"https:\/\/schema.org\",\"@graph\":[{\"@type\":\"WebPage\",\"@id\":\"https:\/\/liftedconcert.org\/fr\/lifted-2025-vous-invite-a-une-celebration-gospel-historique\/\",\"url\":\"https:\/\/liftedconcert.org\/fr\/lifted-2025-vous-invite-a-une-celebration-gospel-historique\/\",\"name\":\"Lifted 2025 Invites You to a Landmark Gospel Celebration - The Lifted Concert 2025\",\"isPartOf\":{\"@id\":\"https:\/\/liftedconcert.org\/fr\/#website\"},\"primaryImageOfPage\":{\"@id\":\"https:\/\/liftedconcert.org\/fr\/lifted-2025-vous-invite-a-une-celebration-gospel-historique\/#primaryimage\"},\"image\":{\"@id\":\"https:\/\/liftedconcert.org\/fr\/lifted-2025-vous-invite-a-une-celebration-gospel-historique\/#primaryimage\"},\"thumbnailUrl\":\"https:\/\/liftedconcert.org\/wp-content\/uploads\/2025\/01\/14.png\",\"datePublished\":\"2025-01-27T14:34:57+00:00\",\"dateModified\":\"2025-10-29T12:40:33+00:00\",\"author\":{\"@id\":\"https:\/\/liftedconcert.org\/fr\/#\/schema\/person\/da5e7f4fb32776fc70280c0493d13fd5\"},\"breadcrumb\":{\"@id\":\"https:\/\/liftedconcert.org\/fr\/lifted-2025-vous-invite-a-une-celebration-gospel-historique\/#breadcrumb\"},\"inLanguage\":\"fr-FR\",\"potentialAction\":[{\"@type\":\"ReadAction\",\"target\":[\"https:\/\/liftedconcert.org\/fr\/lifted-2025-vous-invite-a-une-celebration-gospel-historique\/\"]}]},{\"@type\":\"ImageObject\",\"inLanguage\":\"fr-FR\",\"@id\":\"https:\/\/liftedconcert.org\/fr\/lifted-2025-vous-invite-a-une-celebration-gospel-historique\/#primaryimage\",\"url\":\"https:\/\/liftedconcert.org\/wp-content\/uploads\/2025\/01\/14.png\",\"contentUrl\":\"https:\/\/liftedconcert.org\/wp-content\/uploads\/2025\/01\/14.png\",\"width\":1920,\"height\":840,\"caption\":\"Lifted 2025 Invites You to a Landmark Gospel Celebration\"},{\"@type\":\"BreadcrumbList\",\"@id\":\"https:\/\/liftedconcert.org\/fr\/lifted-2025-vous-invite-a-une-celebration-gospel-historique\/#breadcrumb\",\"itemListElement\":[{\"@type\":\"ListItem\",\"position\":1,\"name\":\"Home\",\"item\":\"https:\/\/liftedconcert.org\/fr\/\"},{\"@type\":\"ListItem\",\"position\":2,\"name\":\"Lifted 2025 Invites You to a Landmark Gospel Celebration\"}]},{\"@type\":\"WebSite\",\"@id\":\"https:\/\/liftedconcert.org\/fr\/#website\",\"url\":\"https:\/\/liftedconcert.org\/fr\/\",\"name\":\"The Lifted Concert 2025\",\"description\":\"IT&#039;S NOT JUST AN EVENT, IT&#039;S AN EXPRESSION\",\"potentialAction\":[{\"@type\":\"SearchAction\",\"target\":{\"@type\":\"EntryPoint\",\"urlTemplate\":\"https:\/\/liftedconcert.org\/fr\/?s={search_term_string}\"},\"query-input\":{\"@type\":\"PropertyValueSpecification\",\"valueRequired\":true,\"valueName\":\"search_term_string\"}}],\"inLanguage\":\"fr-FR\"},{\"@type\":\"Person\",\"@id\":\"https:\/\/liftedconcert.org\/fr\/#\/schema\/person\/da5e7f4fb32776fc70280c0493d13fd5\",\"name\":\"adminlifted\",\"image\":{\"@type\":\"ImageObject\",\"inLanguage\":\"fr-FR\",\"@id\":\"https:\/\/liftedconcert.org\/fr\/#\/schema\/person\/image\/\",\"url\":\"https:\/\/secure.gravatar.com\/avatar\/88d2f60ef9c3a817ec5d82b4903ebc3c652f0fab233003746d1b83dbfdee65a7?s=96&d=mm&r=g\",\"contentUrl\":\"https:\/\/secure.gravatar.com\/avatar\/88d2f60ef9c3a817ec5d82b4903ebc3c652f0fab233003746d1b83dbfdee65a7?s=96&d=mm&r=g\",\"caption\":\"adminlifted\"},\"sameAs\":[\"http:\/\/liftedconcert.org\"],\"url\":\"https:\/\/liftedconcert.org\/fr\/author\/adminlifted\/\"}]}<\/script>\n<!-- \/ Yoast SEO Premium plugin. -->","yoast_head_json":{"title":"Lifted 2025 vous invite \u00e0 une c\u00e9l\u00e9bration gospel historique : le concert Lifted 2025.","robots":{"index":"index","follow":"follow","max-snippet":"max-snippet:-1","max-image-preview":"max-image-preview:large","max-video-preview":"max-video-preview:-1"},"canonical":"https:\/\/liftedconcert.org\/fr\/lifted-2025-vous-invite-a-une-celebration-gospel-historique\/","og_locale":"fr_FR","og_type":"article","og_title":"Lifted 2025 Invites You to a Landmark Gospel Celebration","og_description":"Experience the Expression: Lifted 2025 Invites You to a Landmark Gospel Celebration Mark your calendars for a divine encounter! The acclaimed Lifted Gospel Concert returns for its landmark 15th edition, and you are invited to be part of this powerful experience. Prepare to be uplifted on\u00a0Sunday, November 9th, 2025, at the\u00a0Winners Chapel, Kpondehou Hall. A","og_url":"https:\/\/liftedconcert.org\/fr\/lifted-2025-vous-invite-a-une-celebration-gospel-historique\/","og_site_name":"The Lifted Concert 2025","article_published_time":"2025-01-27T14:34:57+00:00","article_modified_time":"2025-10-29T12:40:33+00:00","og_image":[{"width":1920,"height":840,"url":"https:\/\/liftedconcert.org\/wp-content\/uploads\/2025\/01\/14.png","type":"image\/png"}],"author":"adminlifted","twitter_card":"summary_large_image","twitter_misc":{"\u00c9crit par":"adminlifted","Dur\u00e9e de lecture estim\u00e9e":"2 minutes"},"schema":{"@context":"https:\/\/schema.org","@graph":[{"@type":"WebPage","@id":"https:\/\/liftedconcert.org\/fr\/lifted-2025-vous-invite-a-une-celebration-gospel-historique\/","url":"https:\/\/liftedconcert.org\/fr\/lifted-2025-vous-invite-a-une-celebration-gospel-historique\/","name":"Lifted 2025 vous invite \u00e0 une c\u00e9l\u00e9bration gospel historique : le concert Lifted 2025.","isPartOf":{"@id":"https:\/\/liftedconcert.org\/fr\/#website"},"primaryImageOfPage":{"@id":"https:\/\/liftedconcert.org\/fr\/lifted-2025-vous-invite-a-une-celebration-gospel-historique\/#primaryimage"},"image":{"@id":"https:\/\/liftedconcert.org\/fr\/lifted-2025-vous-invite-a-une-celebration-gospel-historique\/#primaryimage"},"thumbnailUrl":"https:\/\/liftedconcert.org\/wp-content\/uploads\/2025\/01\/14.png","datePublished":"2025-01-27T14:34:57+00:00","dateModified":"2025-10-29T12:40:33+00:00","author":{"@id":"https:\/\/liftedconcert.org\/fr\/#\/schema\/person\/da5e7f4fb32776fc70280c0493d13fd5"},"breadcrumb":{"@id":"https:\/\/liftedconcert.org\/fr\/lifted-2025-vous-invite-a-une-celebration-gospel-historique\/#breadcrumb"},"inLanguage":"fr-FR","potentialAction":[{"@type":"ReadAction","target":["https:\/\/liftedconcert.org\/fr\/lifted-2025-vous-invite-a-une-celebration-gospel-historique\/"]}]},{"@type":"ImageObject","inLanguage":"fr-FR","@id":"https:\/\/liftedconcert.org\/fr\/lifted-2025-vous-invite-a-une-celebration-gospel-historique\/#primaryimage","url":"https:\/\/liftedconcert.org\/wp-content\/uploads\/2025\/01\/14.png","contentUrl":"https:\/\/liftedconcert.org\/wp-content\/uploads\/2025\/01\/14.png","width":1920,"height":840,"caption":"Lifted 2025 Invites You to a Landmark Gospel Celebration"},{"@type":"BreadcrumbList","@id":"https:\/\/liftedconcert.org\/fr\/lifted-2025-vous-invite-a-une-celebration-gospel-historique\/#breadcrumb","itemListElement":[{"@type":"ListItem","position":1,"name":"Home","item":"https:\/\/liftedconcert.org\/fr\/"},{"@type":"ListItem","position":2,"name":"Lifted 2025 Invites You to a Landmark Gospel Celebration"}]},{"@type":"WebSite","@id":"https:\/\/liftedconcert.org\/fr\/#website","url":"https:\/\/liftedconcert.org\/fr\/","name":"Le concert Lifted 2025","description":"CE N'EST PAS SEULEMENT UN \u00c9V\u00c9NEMENT, C'EST UNE FORME D'EXPRESSION","potentialAction":[{"@type":"SearchAction","target":{"@type":"EntryPoint","urlTemplate":"https:\/\/liftedconcert.org\/fr\/?s={search_term_string}"},"query-input":{"@type":"PropertyValueSpecification","valueRequired":true,"valueName":"search_term_string"}}],"inLanguage":"fr-FR"},{"@type":"Person","@id":"https:\/\/liftedconcert.org\/fr\/#\/schema\/person\/da5e7f4fb32776fc70280c0493d13fd5","name":"adminlifted","image":{"@type":"ImageObject","inLanguage":"fr-FR","@id":"https:\/\/liftedconcert.org\/fr\/#\/schema\/person\/image\/","url":"https:\/\/secure.gravatar.com\/avatar\/88d2f60ef9c3a817ec5d82b4903ebc3c652f0fab233003746d1b83dbfdee65a7?s=96&d=mm&r=g","contentUrl":"https:\/\/secure.gravatar.com\/avatar\/88d2f60ef9c3a817ec5d82b4903ebc3c652f0fab233003746d1b83dbfdee65a7?s=96&d=mm&r=g","caption":"adminlifted"},"sameAs":["http:\/\/liftedconcert.org"],"url":"https:\/\/liftedconcert.org\/fr\/author\/adminlifted\/"}]}},"_links":{"self":[{"href":"https:\/\/liftedconcert.org\/fr\/wp-json\/wp\/v2\/posts\/930","targetHints":{"allow":["GET"]}}],"collection":[{"href":"https:\/\/liftedconcert.org\/fr\/wp-json\/wp\/v2\/posts"}],"about":[{"href":"https:\/\/liftedconcert.org\/fr\/wp-json\/wp\/v2\/types\/post"}],"author":[{"embeddable":true,"href":"https:\/\/liftedconcert.org\/fr\/wp-json\/wp\/v2\/users\/1"}],"replies":[{"embeddable":true,"href":"https:\/\/liftedconcert.org\/fr\/wp-json\/wp\/v2\/comments?post=930"}],"version-history":[{"count":10,"href":"https:\/\/liftedconcert.org\/fr\/wp-json\/wp\/v2\/posts\/930\/revisions"}],"predecessor-version":[{"id":7964,"href":"https:\/\/liftedconcert.org\/fr\/wp-json\/wp\/v2\/posts\/930\/revisions\/7964"}],"wp:featuredmedia":[{"embeddable":true,"href":"https:\/\/liftedconcert.org\/fr\/wp-json\/wp\/v2\/media\/7646"}],"wp:attachment":[{"href":"https:\/\/liftedconcert.org\/fr\/wp-json\/wp\/v2\/media?parent=930"}],"wp:term":[{"taxonomy":"category","embeddable":true,"href":"https:\/\/liftedconcert.org\/fr\/wp-json\/wp\/v2\/categories?post=930"},{"taxonomy":"post_tag","embeddable":true,"href":"https:\/\/liftedconcert.org\/fr\/wp-json\/wp\/v2\/tags?post=930"}],"curies":[{"name":"wp","href":"https:\/\/api.w.org\/{rel}","templated":true}]}}