{"id":929,"date":"2025-01-27T14:34:36","date_gmt":"2025-01-27T14:34:36","guid":{"rendered":"https:\/\/charifundwp.wowtheme7.com\/?p=929"},"modified":"2025-10-29T12:40:57","modified_gmt":"2025-10-29T12:40:57","slug":"leve-linoubliable-experience-gospel-de-fin-dannee","status":"publish","type":"post","link":"https:\/\/liftedconcert.org\/fr\/leve-linoubliable-experience-gospel-de-fin-dannee\/","title":{"rendered":"LIFTED : Une exp\u00e9rience gospel inoubliable pour finir l'ann\u00e9e"},"content":{"rendered":"<section class=\"blog-main cm-details p-0\">\n<div class=\"cm-details__content\">\n<div class=\"cta cm-group\">\n<h3><strong>LIFTED : Une exp\u00e9rience gospel inoubliable pour finir l'ann\u00e9e<\/strong><\/h3>\n<p class=\"ds-markdown-paragraph\">\u00ab LIFTED \u00bb s'est impos\u00e9 comme la destination incontournable pour les fid\u00e8les de la musique gospel au B\u00e9nin et dans tous les pays, afin de cl\u00f4turer l'ann\u00e9e en beaut\u00e9. Plus qu'un simple concert, c'est un rendez-vous divin, une c\u00e9l\u00e9bration collective qui marque la fin de l'ann\u00e9e dans l'esprit et la v\u00e9rit\u00e9.<\/p>\n<p class=\"ds-markdown-paragraph\">Cet \u00e9v\u00e9nement offre une atmosph\u00e8re sacr\u00e9e o\u00f9 des milliers de personnes se rassemblent dans l'harmonie, mettant de c\u00f4t\u00e9 toutes leurs diff\u00e9rences pour adorer Dieu d'une seule voix, sans limites. C'est cette profonde unit\u00e9 et ce sentiment commun d'avoir un but commun qui font de \u00ab LIFTED \u00bb une rencontre v\u00e9ritablement transformatrice.<\/p>\n<p class=\"ds-markdown-paragraph\">Tr\u00e8s attendu tant par les chr\u00e9tiens que par les non-chr\u00e9tiens, le concert attire r\u00e9guli\u00e8rement plus de 2 000 spectateurs en moyenne, ce qui t\u00e9moigne de sa formidable r\u00e9putation et de l'attrait universel de son message et de sa musique.<\/p>\n<p class=\"ds-markdown-paragraph\">Pr\u00e9parez votre c\u0153ur \u00e0 une rencontre divine.\u00a0<strong>Attendez-vous \u00e0 vivre une exp\u00e9rience de louange extraordinaire qui changera votre vie lors du LIFTED 2025.<\/strong><\/p>\n<\/div>\n<\/div>\n<\/section>","protected":false},"excerpt":{"rendered":"<p>LIFTED: The Unforgettable Year-End Gospel Experience &#8216;LIFTED&#8217; has firmly established itself as the premier destination for gospel music faithfuls in Benin Republic and across nations to culminate the year in a magnificent way. More than a concert, it is a divine appointment\u2014a collective celebration that marks the year&#8217;s end in spirit and truth. This event<\/p>","protected":false},"author":1,"featured_media":7466,"comment_status":"open","ping_status":"open","sticky":false,"template":"","format":"image","meta":{"inline_featured_image":false,"footnotes":""},"categories":[19,16,41],"tags":[51],"class_list":["post-929","post","type-post","status-publish","format-image","has-post-thumbnail","hentry","category-gallery-2025-lifted2025","category-2025-lifted","category-news","tag-gospel-experience","post_format-post-format-image"],"yoast_head":"<!-- This site is optimized with the Yoast SEO Premium plugin v26.1 (Yoast SEO v26.3) - https:\/\/yoast.com\/wordpress\/plugins\/seo\/ -->\n<title>LIFTED: The Unforgettable Year-End Gospel Experience - The Lifted Concert 2025<\/title>\n<meta name=\"robots\" content=\"index, follow, max-snippet:-1, max-image-preview:large, max-video-preview:-1\" \/>\n<link rel=\"canonical\" href=\"https:\/\/liftedconcert.org\/fr\/leve-linoubliable-experience-gospel-de-fin-dannee\/\" \/>\n<meta property=\"og:locale\" content=\"fr_FR\" \/>\n<meta property=\"og:type\" content=\"article\" \/>\n<meta property=\"og:title\" content=\"LIFTED: The Unforgettable Year-End Gospel Experience\" \/>\n<meta property=\"og:description\" content=\"LIFTED: The Unforgettable Year-End Gospel Experience &#8216;LIFTED&#8217; has firmly established itself as the premier destination for gospel music faithfuls in Benin Republic and across nations to culminate the year in a magnificent way. More than a concert, it is a divine appointment\u2014a collective celebration that marks the year&#8217;s end in spirit and truth. This event\" \/>\n<meta property=\"og:url\" content=\"https:\/\/liftedconcert.org\/fr\/leve-linoubliable-experience-gospel-de-fin-dannee\/\" \/>\n<meta property=\"og:site_name\" content=\"The Lifted Concert 2025\" \/>\n<meta property=\"article:published_time\" content=\"2025-01-27T14:34:36+00:00\" \/>\n<meta property=\"article:modified_time\" content=\"2025-10-29T12:40:57+00:00\" \/>\n<meta property=\"og:image\" content=\"https:\/\/liftedconcert.org\/wp-content\/uploads\/2025\/10\/3.png\" \/>\n\t<meta property=\"og:image:width\" content=\"1920\" \/>\n\t<meta property=\"og:image:height\" content=\"840\" \/>\n\t<meta property=\"og:image:type\" content=\"image\/png\" \/>\n<meta name=\"author\" content=\"adminlifted\" \/>\n<meta name=\"twitter:card\" content=\"summary_large_image\" \/>\n<meta name=\"twitter:label1\" content=\"\u00c9crit par\" \/>\n\t<meta name=\"twitter:data1\" content=\"adminlifted\" \/>\n\t<meta name=\"twitter:label2\" content=\"Dur\u00e9e de lecture estim\u00e9e\" \/>\n\t<meta name=\"twitter:data2\" content=\"1 minute\" \/>\n<script type=\"application\/ld+json\" class=\"yoast-schema-graph\">{\"@context\":\"https:\/\/schema.org\",\"@graph\":[{\"@type\":\"WebPage\",\"@id\":\"https:\/\/liftedconcert.org\/fr\/leve-linoubliable-experience-gospel-de-fin-dannee\/\",\"url\":\"https:\/\/liftedconcert.org\/fr\/leve-linoubliable-experience-gospel-de-fin-dannee\/\",\"name\":\"LIFTED: The Unforgettable Year-End Gospel Experience - The Lifted Concert 2025\",\"isPartOf\":{\"@id\":\"https:\/\/liftedconcert.org\/fr\/#website\"},\"primaryImageOfPage\":{\"@id\":\"https:\/\/liftedconcert.org\/fr\/leve-linoubliable-experience-gospel-de-fin-dannee\/#primaryimage\"},\"image\":{\"@id\":\"https:\/\/liftedconcert.org\/fr\/leve-linoubliable-experience-gospel-de-fin-dannee\/#primaryimage\"},\"thumbnailUrl\":\"https:\/\/liftedconcert.org\/wp-content\/uploads\/2025\/10\/3.png\",\"datePublished\":\"2025-01-27T14:34:36+00:00\",\"dateModified\":\"2025-10-29T12:40:57+00:00\",\"author\":{\"@id\":\"https:\/\/liftedconcert.org\/fr\/#\/schema\/person\/da5e7f4fb32776fc70280c0493d13fd5\"},\"breadcrumb\":{\"@id\":\"https:\/\/liftedconcert.org\/fr\/leve-linoubliable-experience-gospel-de-fin-dannee\/#breadcrumb\"},\"inLanguage\":\"fr-FR\",\"potentialAction\":[{\"@type\":\"ReadAction\",\"target\":[\"https:\/\/liftedconcert.org\/fr\/leve-linoubliable-experience-gospel-de-fin-dannee\/\"]}]},{\"@type\":\"ImageObject\",\"inLanguage\":\"fr-FR\",\"@id\":\"https:\/\/liftedconcert.org\/fr\/leve-linoubliable-experience-gospel-de-fin-dannee\/#primaryimage\",\"url\":\"https:\/\/liftedconcert.org\/wp-content\/uploads\/2025\/10\/3.png\",\"contentUrl\":\"https:\/\/liftedconcert.org\/wp-content\/uploads\/2025\/10\/3.png\",\"width\":1920,\"height\":840,\"caption\":\"LIFTED: The Unforgettable Year-End Gospel Experience\"},{\"@type\":\"BreadcrumbList\",\"@id\":\"https:\/\/liftedconcert.org\/fr\/leve-linoubliable-experience-gospel-de-fin-dannee\/#breadcrumb\",\"itemListElement\":[{\"@type\":\"ListItem\",\"position\":1,\"name\":\"Home\",\"item\":\"https:\/\/liftedconcert.org\/fr\/\"},{\"@type\":\"ListItem\",\"position\":2,\"name\":\"LIFTED: The Unforgettable Year-End Gospel Experience\"}]},{\"@type\":\"WebSite\",\"@id\":\"https:\/\/liftedconcert.org\/fr\/#website\",\"url\":\"https:\/\/liftedconcert.org\/fr\/\",\"name\":\"The Lifted Concert 2025\",\"description\":\"IT&#039;S NOT JUST AN EVENT, IT&#039;S AN EXPRESSION\",\"potentialAction\":[{\"@type\":\"SearchAction\",\"target\":{\"@type\":\"EntryPoint\",\"urlTemplate\":\"https:\/\/liftedconcert.org\/fr\/?s={search_term_string}\"},\"query-input\":{\"@type\":\"PropertyValueSpecification\",\"valueRequired\":true,\"valueName\":\"search_term_string\"}}],\"inLanguage\":\"fr-FR\"},{\"@type\":\"Person\",\"@id\":\"https:\/\/liftedconcert.org\/fr\/#\/schema\/person\/da5e7f4fb32776fc70280c0493d13fd5\",\"name\":\"adminlifted\",\"image\":{\"@type\":\"ImageObject\",\"inLanguage\":\"fr-FR\",\"@id\":\"https:\/\/liftedconcert.org\/fr\/#\/schema\/person\/image\/\",\"url\":\"https:\/\/secure.gravatar.com\/avatar\/88d2f60ef9c3a817ec5d82b4903ebc3c652f0fab233003746d1b83dbfdee65a7?s=96&d=mm&r=g\",\"contentUrl\":\"https:\/\/secure.gravatar.com\/avatar\/88d2f60ef9c3a817ec5d82b4903ebc3c652f0fab233003746d1b83dbfdee65a7?s=96&d=mm&r=g\",\"caption\":\"adminlifted\"},\"sameAs\":[\"http:\/\/liftedconcert.org\"],\"url\":\"https:\/\/liftedconcert.org\/fr\/author\/adminlifted\/\"}]}<\/script>\n<!-- \/ Yoast SEO Premium plugin. -->","yoast_head_json":{"title":"LIFTED : L'exp\u00e9rience gospel inoubliable de fin d'ann\u00e9e - Le concert Lifted 2025","robots":{"index":"index","follow":"follow","max-snippet":"max-snippet:-1","max-image-preview":"max-image-preview:large","max-video-preview":"max-video-preview:-1"},"canonical":"https:\/\/liftedconcert.org\/fr\/leve-linoubliable-experience-gospel-de-fin-dannee\/","og_locale":"fr_FR","og_type":"article","og_title":"LIFTED: The Unforgettable Year-End Gospel Experience","og_description":"LIFTED: The Unforgettable Year-End Gospel Experience &#8216;LIFTED&#8217; has firmly established itself as the premier destination for gospel music faithfuls in Benin Republic and across nations to culminate the year in a magnificent way. More than a concert, it is a divine appointment\u2014a collective celebration that marks the year&#8217;s end in spirit and truth. This event","og_url":"https:\/\/liftedconcert.org\/fr\/leve-linoubliable-experience-gospel-de-fin-dannee\/","og_site_name":"The Lifted Concert 2025","article_published_time":"2025-01-27T14:34:36+00:00","article_modified_time":"2025-10-29T12:40:57+00:00","og_image":[{"width":1920,"height":840,"url":"https:\/\/liftedconcert.org\/wp-content\/uploads\/2025\/10\/3.png","type":"image\/png"}],"author":"adminlifted","twitter_card":"summary_large_image","twitter_misc":{"\u00c9crit par":"adminlifted","Dur\u00e9e de lecture estim\u00e9e":"1 minute"},"schema":{"@context":"https:\/\/schema.org","@graph":[{"@type":"WebPage","@id":"https:\/\/liftedconcert.org\/fr\/leve-linoubliable-experience-gospel-de-fin-dannee\/","url":"https:\/\/liftedconcert.org\/fr\/leve-linoubliable-experience-gospel-de-fin-dannee\/","name":"LIFTED : L'exp\u00e9rience gospel inoubliable de fin d'ann\u00e9e - Le concert Lifted 2025","isPartOf":{"@id":"https:\/\/liftedconcert.org\/fr\/#website"},"primaryImageOfPage":{"@id":"https:\/\/liftedconcert.org\/fr\/leve-linoubliable-experience-gospel-de-fin-dannee\/#primaryimage"},"image":{"@id":"https:\/\/liftedconcert.org\/fr\/leve-linoubliable-experience-gospel-de-fin-dannee\/#primaryimage"},"thumbnailUrl":"https:\/\/liftedconcert.org\/wp-content\/uploads\/2025\/10\/3.png","datePublished":"2025-01-27T14:34:36+00:00","dateModified":"2025-10-29T12:40:57+00:00","author":{"@id":"https:\/\/liftedconcert.org\/fr\/#\/schema\/person\/da5e7f4fb32776fc70280c0493d13fd5"},"breadcrumb":{"@id":"https:\/\/liftedconcert.org\/fr\/leve-linoubliable-experience-gospel-de-fin-dannee\/#breadcrumb"},"inLanguage":"fr-FR","potentialAction":[{"@type":"ReadAction","target":["https:\/\/liftedconcert.org\/fr\/leve-linoubliable-experience-gospel-de-fin-dannee\/"]}]},{"@type":"ImageObject","inLanguage":"fr-FR","@id":"https:\/\/liftedconcert.org\/fr\/leve-linoubliable-experience-gospel-de-fin-dannee\/#primaryimage","url":"https:\/\/liftedconcert.org\/wp-content\/uploads\/2025\/10\/3.png","contentUrl":"https:\/\/liftedconcert.org\/wp-content\/uploads\/2025\/10\/3.png","width":1920,"height":840,"caption":"LIFTED: The Unforgettable Year-End Gospel Experience"},{"@type":"BreadcrumbList","@id":"https:\/\/liftedconcert.org\/fr\/leve-linoubliable-experience-gospel-de-fin-dannee\/#breadcrumb","itemListElement":[{"@type":"ListItem","position":1,"name":"Home","item":"https:\/\/liftedconcert.org\/fr\/"},{"@type":"ListItem","position":2,"name":"LIFTED: The Unforgettable Year-End Gospel Experience"}]},{"@type":"WebSite","@id":"https:\/\/liftedconcert.org\/fr\/#website","url":"https:\/\/liftedconcert.org\/fr\/","name":"Le concert Lifted 2025","description":"CE N'EST PAS SEULEMENT UN \u00c9V\u00c9NEMENT, C'EST UNE FORME D'EXPRESSION","potentialAction":[{"@type":"SearchAction","target":{"@type":"EntryPoint","urlTemplate":"https:\/\/liftedconcert.org\/fr\/?s={search_term_string}"},"query-input":{"@type":"PropertyValueSpecification","valueRequired":true,"valueName":"search_term_string"}}],"inLanguage":"fr-FR"},{"@type":"Person","@id":"https:\/\/liftedconcert.org\/fr\/#\/schema\/person\/da5e7f4fb32776fc70280c0493d13fd5","name":"adminlifted","image":{"@type":"ImageObject","inLanguage":"fr-FR","@id":"https:\/\/liftedconcert.org\/fr\/#\/schema\/person\/image\/","url":"https:\/\/secure.gravatar.com\/avatar\/88d2f60ef9c3a817ec5d82b4903ebc3c652f0fab233003746d1b83dbfdee65a7?s=96&d=mm&r=g","contentUrl":"https:\/\/secure.gravatar.com\/avatar\/88d2f60ef9c3a817ec5d82b4903ebc3c652f0fab233003746d1b83dbfdee65a7?s=96&d=mm&r=g","caption":"adminlifted"},"sameAs":["http:\/\/liftedconcert.org"],"url":"https:\/\/liftedconcert.org\/fr\/author\/adminlifted\/"}]}},"_links":{"self":[{"href":"https:\/\/liftedconcert.org\/fr\/wp-json\/wp\/v2\/posts\/929","targetHints":{"allow":["GET"]}}],"collection":[{"href":"https:\/\/liftedconcert.org\/fr\/wp-json\/wp\/v2\/posts"}],"about":[{"href":"https:\/\/liftedconcert.org\/fr\/wp-json\/wp\/v2\/types\/post"}],"author":[{"embeddable":true,"href":"https:\/\/liftedconcert.org\/fr\/wp-json\/wp\/v2\/users\/1"}],"replies":[{"embeddable":true,"href":"https:\/\/liftedconcert.org\/fr\/wp-json\/wp\/v2\/comments?post=929"}],"version-history":[{"count":2,"href":"https:\/\/liftedconcert.org\/fr\/wp-json\/wp\/v2\/posts\/929\/revisions"}],"predecessor-version":[{"id":7645,"href":"https:\/\/liftedconcert.org\/fr\/wp-json\/wp\/v2\/posts\/929\/revisions\/7645"}],"wp:featuredmedia":[{"embeddable":true,"href":"https:\/\/liftedconcert.org\/fr\/wp-json\/wp\/v2\/media\/7466"}],"wp:attachment":[{"href":"https:\/\/liftedconcert.org\/fr\/wp-json\/wp\/v2\/media?parent=929"}],"wp:term":[{"taxonomy":"category","embeddable":true,"href":"https:\/\/liftedconcert.org\/fr\/wp-json\/wp\/v2\/categories?post=929"},{"taxonomy":"post_tag","embeddable":true,"href":"https:\/\/liftedconcert.org\/fr\/wp-json\/wp\/v2\/tags?post=929"}],"curies":[{"name":"wp","href":"https:\/\/api.w.org\/{rel}","templated":true}]}}